{"id":618,"date":"2017-04-26T16:27:09","date_gmt":"2017-04-26T14:27:09","guid":{"rendered":"http:\/\/www.kindergruppeamerlinghaus.at\/web\/?p=618"},"modified":"2017-08-15T21:02:42","modified_gmt":"2017-08-15T19:02:42","slug":"demokratiewerkstatt","status":"publish","type":"post","link":"https:\/\/www.kindergruppeamerlinghaus.at\/web\/demokratiewerkstatt\/","title":{"rendered":"Demokratiewerkstatt"},"content":{"rendered":"<p>Die j\u00fcngsten BesucherInnen im Parlament lassen sich erkl\u00e4ren, was in diesem Haus geschieht,\u00a0messen den Durchmesser der Marmors\u00e4ulen und versuchen zum Schluss noch, wie sich der Pr\u00e4sidentInnensessel im Nationalrat so anf\u00fchlt.\u00a0 Eine Wahl mit Stimmabgabe, war nat\u00fcrlich auch Teil des Programms &#8230;<\/p>\n<p><img loading=\"lazy\" decoding=\"async\" class=\"alignnone size-full wp-image-626\" src=\"http:\/\/www.kindergruppeamerlinghaus.at\/web\/wp-content\/uploads\/2017\/04\/DEmokratie-kigru.png\" alt=\"DEmokratie kigru\" width=\"843\" height=\"599\" srcset=\"https:\/\/www.kindergruppeamerlinghaus.at\/web\/wp-content\/uploads\/2017\/04\/DEmokratie-kigru.png 843w, https:\/\/www.kindergruppeamerlinghaus.at\/web\/wp-content\/uploads\/2017\/04\/DEmokratie-kigru-300x213.png 300w, https:\/\/www.kindergruppeamerlinghaus.at\/web\/wp-content\/uploads\/2017\/04\/DEmokratie-kigru-768x546.png 768w\" sizes=\"auto, (max-width: 843px) 100vw, 843px\" \/><\/p>\n","protected":false},"excerpt":{"rendered":"<p>Die j\u00fcngsten BesucherInnen im Parlament lassen sich erkl\u00e4ren, was in diesem Haus geschieht,\u00a0messen den Durchmesser der Marmors\u00e4ulen und&#8230;<\/p>\n","protected":false},"author":1,"featured_media":630,"comment_status":"closed","ping_status":"closed","sticky":false,"template":"","format":"standard","meta":{"footnotes":""},"categories":[1],"tags":[],"class_list":["post-618","post","type-post","status-publish","format-standard","has-post-thumbnail","hentry","category-allgemein"],"_links":{"self":[{"href":"https:\/\/www.kindergruppeamerlinghaus.at\/web\/wp-json\/wp\/v2\/posts\/618","targetHints":{"allow":["GET"]}}],"collection":[{"href":"https:\/\/www.kindergruppeamerlinghaus.at\/web\/wp-json\/wp\/v2\/posts"}],"about":[{"href":"https:\/\/www.kindergruppeamerlinghaus.at\/web\/wp-json\/wp\/v2\/types\/post"}],"author":[{"embeddable":true,"href":"https:\/\/www.kindergruppeamerlinghaus.at\/web\/wp-json\/wp\/v2\/users\/1"}],"replies":[{"embeddable":true,"href":"https:\/\/www.kindergruppeamerlinghaus.at\/web\/wp-json\/wp\/v2\/comments?post=618"}],"version-history":[{"count":2,"href":"https:\/\/www.kindergruppeamerlinghaus.at\/web\/wp-json\/wp\/v2\/posts\/618\/revisions"}],"predecessor-version":[{"id":629,"href":"https:\/\/www.kindergruppeamerlinghaus.at\/web\/wp-json\/wp\/v2\/posts\/618\/revisions\/629"}],"wp:featuredmedia":[{"embeddable":true,"href":"https:\/\/www.kindergruppeamerlinghaus.at\/web\/wp-json\/wp\/v2\/media\/630"}],"wp:attachment":[{"href":"https:\/\/www.kindergruppeamerlinghaus.at\/web\/wp-json\/wp\/v2\/media?parent=618"}],"wp:term":[{"taxonomy":"category","embeddable":true,"href":"https:\/\/www.kindergruppeamerlinghaus.at\/web\/wp-json\/wp\/v2\/categories?post=618"},{"taxonomy":"post_tag","embeddable":true,"href":"https:\/\/www.kindergruppeamerlinghaus.at\/web\/wp-json\/wp\/v2\/tags?post=618"}],"curies":[{"name":"wp","href":"https:\/\/api.w.org\/{rel}","templated":true}]}}