{"id":586,"date":"2015-09-07T04:12:26","date_gmt":"2015-09-07T02:12:26","guid":{"rendered":"http:\/\/www.kindergruppeamerlinghaus.at\/web\/?p=586"},"modified":"2022-11-28T21:14:51","modified_gmt":"2022-11-28T20:14:51","slug":"jung-juenger-am-juengsten-unser-generationen-projekt","status":"publish","type":"post","link":"https:\/\/www.kindergruppeamerlinghaus.at\/web\/jung-juenger-am-juengsten-unser-generationen-projekt\/","title":{"rendered":"Jung, j\u00fcnger, am j\u00fcngsten &#8211; Unser Generationen-Projekt"},"content":{"rendered":"<div dir=\"ltr\">\n<div>Das Thema \u00c4lterwerden und wachsen hat uns intensiv besch\u00e4ftigt: Ist jemand, der gr\u00f6\u00dfer ist, eigentlich auch automatisch \u00e4lter? Was bedeutet alt-sein und wer in unserer Familie ist schon gestorben? Alle in der Gruppe erhielten Zeit und Raum,sich selbst und ihre Familie im Morgenkreis vorstellen und ein Bild von sich selbst zu gestalten. Den Output, unsere lebensgro\u00dfen Selbstportr\u00e4ts inklusive Familienfotos, haben wir in einer Vernissage im Amerlinghaus mit Musik und Buffet pr\u00e4sentiert. Au\u00dferdem haben wir dem Wiener Zentralfriedhof einen Besuch abgestattet.<\/div>\n<div><\/div>\n<\/div>\n<div dir=\"ltr\">\n<div><\/div>\n<div><strong>Mein K\u00f6rper<\/strong><\/div>\n<\/div>\n<div dir=\"ltr\">\n<div>Sich einmal mit dem eigenen K\u00f6rper und allem was da eigentlich so dazugeh\u00f6rt, zu besch\u00e4ftigen, ist eine spannende Angelegenheit. Unser Skelett, Aprikose, hat uns dabei begleitet und wurde langsam um Organe, Muskeln und Kleidung bereichert. Nach einem Abschlussquiz sind nun alle in der Kigru Amerlinghaus stolze BesitzerInnen eines K\u00f6rperf\u00fchrerscheins.<\/div>\n<\/div>\n","protected":false},"excerpt":{"rendered":"<p>Das Thema \u00c4lterwerden und wachsen hat uns intensiv besch\u00e4ftigt: Ist jemand, der gr\u00f6\u00dfer ist, eigentlich auch automatisch \u00e4lter?&#8230;<\/p>\n","protected":false},"author":1,"featured_media":587,"comment_status":"closed","ping_status":"open","sticky":false,"template":"","format":"standard","meta":{"footnotes":""},"categories":[1],"tags":[],"class_list":["post-586","post","type-post","status-publish","format-standard","has-post-thumbnail","hentry","category-allgemein"],"_links":{"self":[{"href":"https:\/\/www.kindergruppeamerlinghaus.at\/web\/wp-json\/wp\/v2\/posts\/586","targetHints":{"allow":["GET"]}}],"collection":[{"href":"https:\/\/www.kindergruppeamerlinghaus.at\/web\/wp-json\/wp\/v2\/posts"}],"about":[{"href":"https:\/\/www.kindergruppeamerlinghaus.at\/web\/wp-json\/wp\/v2\/types\/post"}],"author":[{"embeddable":true,"href":"https:\/\/www.kindergruppeamerlinghaus.at\/web\/wp-json\/wp\/v2\/users\/1"}],"replies":[{"embeddable":true,"href":"https:\/\/www.kindergruppeamerlinghaus.at\/web\/wp-json\/wp\/v2\/comments?post=586"}],"version-history":[{"count":3,"href":"https:\/\/www.kindergruppeamerlinghaus.at\/web\/wp-json\/wp\/v2\/posts\/586\/revisions"}],"predecessor-version":[{"id":591,"href":"https:\/\/www.kindergruppeamerlinghaus.at\/web\/wp-json\/wp\/v2\/posts\/586\/revisions\/591"}],"wp:featuredmedia":[{"embeddable":true,"href":"https:\/\/www.kindergruppeamerlinghaus.at\/web\/wp-json\/wp\/v2\/media\/587"}],"wp:attachment":[{"href":"https:\/\/www.kindergruppeamerlinghaus.at\/web\/wp-json\/wp\/v2\/media?parent=586"}],"wp:term":[{"taxonomy":"category","embeddable":true,"href":"https:\/\/www.kindergruppeamerlinghaus.at\/web\/wp-json\/wp\/v2\/categories?post=586"},{"taxonomy":"post_tag","embeddable":true,"href":"https:\/\/www.kindergruppeamerlinghaus.at\/web\/wp-json\/wp\/v2\/tags?post=586"}],"curies":[{"name":"wp","href":"https:\/\/api.w.org\/{rel}","templated":true}]}}