{"id":529,"date":"2016-09-14T10:09:21","date_gmt":"2016-09-14T08:09:21","guid":{"rendered":"http:\/\/www.kindergruppeamerlinghaus.at\/web\/?p=529"},"modified":"2024-05-31T19:26:03","modified_gmt":"2024-05-31T17:26:03","slug":"im-lainzer-tiergarten-mit-den-teddybaeren","status":"publish","type":"post","link":"https:\/\/www.kindergruppeamerlinghaus.at\/web\/im-lainzer-tiergarten-mit-den-teddybaeren\/","title":{"rendered":"Im Lainzer Tiergarten mit den Teddyb\u00e4ren"},"content":{"rendered":"<blockquote><p>Die Leiterin der Kindergruppe Teddyb\u00e4r war fr\u00fcher die Chefin bei uns im Amerlinghaus. Freundschaftliche Beziehungen bestehen nach wie vor.<\/p><\/blockquote>\n<p>Ein paar Mal im Jahr gehen die beiden Kindergruppen gemeinsam auf Ausflug. Zum Beispiel vor den Sommerferien in en Lainzer Tiergarten. Hei\u00df war&#8217;s. Sch\u00f6n war&#8217;s. Liebe Gr\u00fc\u00dfe, Doris.<\/p>\n<blockquote><p><img loading=\"lazy\" decoding=\"async\" class=\"alignnone size-large wp-image-534\" src=\"http:\/\/www.kindergruppeamerlinghaus.at\/web\/wp-content\/uploads\/2016\/09\/teddybar_1-1024x576.jpg\" alt=\"teddybar_1\" width=\"640\" height=\"360\" srcset=\"https:\/\/www.kindergruppeamerlinghaus.at\/web\/wp-content\/uploads\/2016\/09\/teddybar_1-1024x576.jpg 1024w, https:\/\/www.kindergruppeamerlinghaus.at\/web\/wp-content\/uploads\/2016\/09\/teddybar_1-300x169.jpg 300w, https:\/\/www.kindergruppeamerlinghaus.at\/web\/wp-content\/uploads\/2016\/09\/teddybar_1-768x432.jpg 768w, https:\/\/www.kindergruppeamerlinghaus.at\/web\/wp-content\/uploads\/2016\/09\/teddybar_1.jpg 1200w\" sizes=\"auto, (max-width: 640px) 100vw, 640px\" \/><img loading=\"lazy\" decoding=\"async\" class=\"alignnone size-large wp-image-535\" src=\"http:\/\/www.kindergruppeamerlinghaus.at\/web\/wp-content\/uploads\/2016\/09\/teddybar3-1024x576.jpg\" alt=\"teddybar3\" width=\"640\" height=\"360\" srcset=\"https:\/\/www.kindergruppeamerlinghaus.at\/web\/wp-content\/uploads\/2016\/09\/teddybar3-1024x576.jpg 1024w, https:\/\/www.kindergruppeamerlinghaus.at\/web\/wp-content\/uploads\/2016\/09\/teddybar3-300x169.jpg 300w, https:\/\/www.kindergruppeamerlinghaus.at\/web\/wp-content\/uploads\/2016\/09\/teddybar3-768x432.jpg 768w, https:\/\/www.kindergruppeamerlinghaus.at\/web\/wp-content\/uploads\/2016\/09\/teddybar3.jpg 1200w\" sizes=\"auto, (max-width: 640px) 100vw, 640px\" \/><img loading=\"lazy\" decoding=\"async\" class=\"alignnone size-large wp-image-536\" src=\"http:\/\/www.kindergruppeamerlinghaus.at\/web\/wp-content\/uploads\/2016\/09\/teddybar4-1024x576.jpg\" alt=\"teddybar4\" width=\"640\" height=\"360\" srcset=\"https:\/\/www.kindergruppeamerlinghaus.at\/web\/wp-content\/uploads\/2016\/09\/teddybar4-1024x576.jpg 1024w, https:\/\/www.kindergruppeamerlinghaus.at\/web\/wp-content\/uploads\/2016\/09\/teddybar4-300x169.jpg 300w, https:\/\/www.kindergruppeamerlinghaus.at\/web\/wp-content\/uploads\/2016\/09\/teddybar4-768x432.jpg 768w, https:\/\/www.kindergruppeamerlinghaus.at\/web\/wp-content\/uploads\/2016\/09\/teddybar4.jpg 1200w\" sizes=\"auto, (max-width: 640px) 100vw, 640px\" \/><\/p><\/blockquote>\n","protected":false},"excerpt":{"rendered":"<p>Die Leiterin der Kindergruppe Teddyb\u00e4r war fr\u00fcher die Chefin bei uns im Amerlinghaus. Freundschaftliche Beziehungen bestehen nach wie&#8230;<\/p>\n","protected":false},"author":1,"featured_media":533,"comment_status":"closed","ping_status":"closed","sticky":false,"template":"","format":"standard","meta":{"footnotes":""},"categories":[1],"tags":[],"class_list":["post-529","post","type-post","status-publish","format-standard","has-post-thumbnail","hentry","category-allgemein"],"_links":{"self":[{"href":"https:\/\/www.kindergruppeamerlinghaus.at\/web\/wp-json\/wp\/v2\/posts\/529","targetHints":{"allow":["GET"]}}],"collection":[{"href":"https:\/\/www.kindergruppeamerlinghaus.at\/web\/wp-json\/wp\/v2\/posts"}],"about":[{"href":"https:\/\/www.kindergruppeamerlinghaus.at\/web\/wp-json\/wp\/v2\/types\/post"}],"author":[{"embeddable":true,"href":"https:\/\/www.kindergruppeamerlinghaus.at\/web\/wp-json\/wp\/v2\/users\/1"}],"replies":[{"embeddable":true,"href":"https:\/\/www.kindergruppeamerlinghaus.at\/web\/wp-json\/wp\/v2\/comments?post=529"}],"version-history":[{"count":3,"href":"https:\/\/www.kindergruppeamerlinghaus.at\/web\/wp-json\/wp\/v2\/posts\/529\/revisions"}],"predecessor-version":[{"id":539,"href":"https:\/\/www.kindergruppeamerlinghaus.at\/web\/wp-json\/wp\/v2\/posts\/529\/revisions\/539"}],"wp:featuredmedia":[{"embeddable":true,"href":"https:\/\/www.kindergruppeamerlinghaus.at\/web\/wp-json\/wp\/v2\/media\/533"}],"wp:attachment":[{"href":"https:\/\/www.kindergruppeamerlinghaus.at\/web\/wp-json\/wp\/v2\/media?parent=529"}],"wp:term":[{"taxonomy":"category","embeddable":true,"href":"https:\/\/www.kindergruppeamerlinghaus.at\/web\/wp-json\/wp\/v2\/categories?post=529"},{"taxonomy":"post_tag","embeddable":true,"href":"https:\/\/www.kindergruppeamerlinghaus.at\/web\/wp-json\/wp\/v2\/tags?post=529"}],"curies":[{"name":"wp","href":"https:\/\/api.w.org\/{rel}","templated":true}]}}