{"id":460,"date":"2015-04-11T17:35:05","date_gmt":"2015-04-11T15:35:05","guid":{"rendered":"http:\/\/www.kindergruppeamerlinghaus.at\/web\/?p=460"},"modified":"2016-04-11T17:36:46","modified_gmt":"2016-04-11T15:36:46","slug":"soooo-bunt","status":"publish","type":"post","link":"https:\/\/www.kindergruppeamerlinghaus.at\/web\/soooo-bunt\/","title":{"rendered":"Soooo bunt"},"content":{"rendered":"<blockquote>\n<div>Zum Thema Farben kann man viel machen.<\/div>\n<\/blockquote>\n<div><\/div>\n<div>Wir haben Experimente gemacht, Farbtage zu den Grundfarben rot, gelb und blau und wir haben die Farben auch mit unsere Innenwelt in Verbindung gebracht. Welche Farbe passt zu welchem Gef\u00fchl? Und welche Gef\u00fchle gibt&#8217;s \u00fcberhaupt?\u00a0Als H\u00f6hepunkt gab es dann noch unsere Theaterauff\u00fchrung &#8222;Streit der Farben&#8220;.<\/div>\n<div><\/div>\n<div><img loading=\"lazy\" decoding=\"async\" class=\"alignnone wp-image-461\" src=\"http:\/\/www.kindergruppeamerlinghaus.at\/web\/wp-content\/uploads\/2016\/04\/farben_BLAU-300x150.jpg\" alt=\"Kinder in Blau\" width=\"510\" height=\"255\" srcset=\"https:\/\/www.kindergruppeamerlinghaus.at\/web\/wp-content\/uploads\/2016\/04\/farben_BLAU-300x150.jpg 300w, https:\/\/www.kindergruppeamerlinghaus.at\/web\/wp-content\/uploads\/2016\/04\/farben_BLAU-768x384.jpg 768w, https:\/\/www.kindergruppeamerlinghaus.at\/web\/wp-content\/uploads\/2016\/04\/farben_BLAU-1024x512.jpg 1024w\" sizes=\"auto, (max-width: 510px) 100vw, 510px\" \/><\/div>\n<div><img loading=\"lazy\" decoding=\"async\" class=\"alignnone  wp-image-462\" src=\"http:\/\/www.kindergruppeamerlinghaus.at\/web\/wp-content\/uploads\/2016\/04\/farben_PLAKAT-300x225.jpg\" alt=\"Plakat\" width=\"475\" height=\"356\" srcset=\"https:\/\/www.kindergruppeamerlinghaus.at\/web\/wp-content\/uploads\/2016\/04\/farben_PLAKAT-300x225.jpg 300w, https:\/\/www.kindergruppeamerlinghaus.at\/web\/wp-content\/uploads\/2016\/04\/farben_PLAKAT-768x576.jpg 768w, https:\/\/www.kindergruppeamerlinghaus.at\/web\/wp-content\/uploads\/2016\/04\/farben_PLAKAT-1024x768.jpg 1024w\" sizes=\"auto, (max-width: 475px) 100vw, 475px\" \/><\/div>\n","protected":false},"excerpt":{"rendered":"<p>Zum Thema Farben kann man viel machen. Wir haben Experimente gemacht, Farbtage zu den Grundfarben rot, gelb und&#8230;<\/p>\n","protected":false},"author":1,"featured_media":465,"comment_status":"closed","ping_status":"closed","sticky":false,"template":"","format":"standard","meta":{"footnotes":""},"categories":[1],"tags":[],"class_list":["post-460","post","type-post","status-publish","format-standard","has-post-thumbnail","hentry","category-allgemein"],"_links":{"self":[{"href":"https:\/\/www.kindergruppeamerlinghaus.at\/web\/wp-json\/wp\/v2\/posts\/460","targetHints":{"allow":["GET"]}}],"collection":[{"href":"https:\/\/www.kindergruppeamerlinghaus.at\/web\/wp-json\/wp\/v2\/posts"}],"about":[{"href":"https:\/\/www.kindergruppeamerlinghaus.at\/web\/wp-json\/wp\/v2\/types\/post"}],"author":[{"embeddable":true,"href":"https:\/\/www.kindergruppeamerlinghaus.at\/web\/wp-json\/wp\/v2\/users\/1"}],"replies":[{"embeddable":true,"href":"https:\/\/www.kindergruppeamerlinghaus.at\/web\/wp-json\/wp\/v2\/comments?post=460"}],"version-history":[{"count":2,"href":"https:\/\/www.kindergruppeamerlinghaus.at\/web\/wp-json\/wp\/v2\/posts\/460\/revisions"}],"predecessor-version":[{"id":467,"href":"https:\/\/www.kindergruppeamerlinghaus.at\/web\/wp-json\/wp\/v2\/posts\/460\/revisions\/467"}],"wp:featuredmedia":[{"embeddable":true,"href":"https:\/\/www.kindergruppeamerlinghaus.at\/web\/wp-json\/wp\/v2\/media\/465"}],"wp:attachment":[{"href":"https:\/\/www.kindergruppeamerlinghaus.at\/web\/wp-json\/wp\/v2\/media?parent=460"}],"wp:term":[{"taxonomy":"category","embeddable":true,"href":"https:\/\/www.kindergruppeamerlinghaus.at\/web\/wp-json\/wp\/v2\/categories?post=460"},{"taxonomy":"post_tag","embeddable":true,"href":"https:\/\/www.kindergruppeamerlinghaus.at\/web\/wp-json\/wp\/v2\/tags?post=460"}],"curies":[{"name":"wp","href":"https:\/\/api.w.org\/{rel}","templated":true}]}}