{"id":442,"date":"2016-04-04T23:48:42","date_gmt":"2016-04-04T21:48:42","guid":{"rendered":"http:\/\/www.kindergruppeamerlinghaus.at\/web\/?p=442"},"modified":"2016-04-05T07:01:32","modified_gmt":"2016-04-05T05:01:32","slug":"fruehling-im-dehnepark","status":"publish","type":"post","link":"https:\/\/www.kindergruppeamerlinghaus.at\/web\/fruehling-im-dehnepark\/","title":{"rendered":"Fr\u00fchling im Dehnepark"},"content":{"rendered":"<blockquote><p>Das Fr\u00fchjahr ist nicht mehr aufzuhalten. Donnerstag ist Ausflugstag und wenn die Sonne warm auf die H\u00e4upter scheint, fliegt es sich umso lieber.<\/p><\/blockquote>\n<p>&nbsp;<\/p>\n<blockquote>\n<figure id=\"attachment_444\" aria-describedby=\"caption-attachment-444\" style=\"width: 476px\" class=\"wp-caption alignnone\"><img loading=\"lazy\" decoding=\"async\" class=\" wp-image-444\" src=\"http:\/\/www.kindergruppeamerlinghaus.at\/web\/wp-content\/uploads\/2016\/04\/dehne_gruppe1-300x150.jpg\" alt=\"Kinder wandern im Wald\" width=\"476\" height=\"238\" srcset=\"https:\/\/www.kindergruppeamerlinghaus.at\/web\/wp-content\/uploads\/2016\/04\/dehne_gruppe1-300x150.jpg 300w, https:\/\/www.kindergruppeamerlinghaus.at\/web\/wp-content\/uploads\/2016\/04\/dehne_gruppe1.jpg 640w\" sizes=\"auto, (max-width: 476px) 100vw, 476px\" \/><figcaption id=\"caption-attachment-444\" class=\"wp-caption-text\">Trari trara, die Kigru ist da<\/figcaption><\/figure>\n<figure id=\"attachment_445\" aria-describedby=\"caption-attachment-445\" style=\"width: 428px\" class=\"wp-caption alignnone\"><img loading=\"lazy\" decoding=\"async\" class=\"wp-image-445\" src=\"http:\/\/www.kindergruppeamerlinghaus.at\/web\/wp-content\/uploads\/2016\/04\/dehne_dimos-300x150.jpg\" alt=\"Kind sitzt in der Wiese\" width=\"428\" height=\"214\" srcset=\"https:\/\/www.kindergruppeamerlinghaus.at\/web\/wp-content\/uploads\/2016\/04\/dehne_dimos-300x150.jpg 300w, https:\/\/www.kindergruppeamerlinghaus.at\/web\/wp-content\/uploads\/2016\/04\/dehne_dimos.jpg 639w\" sizes=\"auto, (max-width: 428px) 100vw, 428px\" \/><figcaption id=\"caption-attachment-445\" class=\"wp-caption-text\">Scheinbar alleine auf weiter Flur<\/figcaption><\/figure>\n<figure id=\"attachment_446\" aria-describedby=\"caption-attachment-446\" style=\"width: 464px\" class=\"wp-caption alignnone\"><img loading=\"lazy\" decoding=\"async\" class=\" wp-image-446\" src=\"http:\/\/www.kindergruppeamerlinghaus.at\/web\/wp-content\/uploads\/2016\/04\/dehne_becci-300x150.jpg\" alt=\"Zwei Kinder in der Wiese\" width=\"464\" height=\"232\" srcset=\"https:\/\/www.kindergruppeamerlinghaus.at\/web\/wp-content\/uploads\/2016\/04\/dehne_becci-300x150.jpg 300w, https:\/\/www.kindergruppeamerlinghaus.at\/web\/wp-content\/uploads\/2016\/04\/dehne_becci.jpg 640w\" sizes=\"auto, (max-width: 464px) 100vw, 464px\" \/><figcaption id=\"caption-attachment-446\" class=\"wp-caption-text\">Dicke Freundinnen<\/figcaption><\/figure><\/blockquote>\n","protected":false},"excerpt":{"rendered":"<p>Das Fr\u00fchjahr ist nicht mehr aufzuhalten. Donnerstag ist Ausflugstag und wenn die Sonne warm auf die H\u00e4upter scheint,&#8230;<\/p>\n","protected":false},"author":1,"featured_media":443,"comment_status":"closed","ping_status":"closed","sticky":false,"template":"","format":"standard","meta":{"footnotes":""},"categories":[1],"tags":[],"class_list":["post-442","post","type-post","status-publish","format-standard","has-post-thumbnail","hentry","category-allgemein"],"_links":{"self":[{"href":"https:\/\/www.kindergruppeamerlinghaus.at\/web\/wp-json\/wp\/v2\/posts\/442","targetHints":{"allow":["GET"]}}],"collection":[{"href":"https:\/\/www.kindergruppeamerlinghaus.at\/web\/wp-json\/wp\/v2\/posts"}],"about":[{"href":"https:\/\/www.kindergruppeamerlinghaus.at\/web\/wp-json\/wp\/v2\/types\/post"}],"author":[{"embeddable":true,"href":"https:\/\/www.kindergruppeamerlinghaus.at\/web\/wp-json\/wp\/v2\/users\/1"}],"replies":[{"embeddable":true,"href":"https:\/\/www.kindergruppeamerlinghaus.at\/web\/wp-json\/wp\/v2\/comments?post=442"}],"version-history":[{"count":4,"href":"https:\/\/www.kindergruppeamerlinghaus.at\/web\/wp-json\/wp\/v2\/posts\/442\/revisions"}],"predecessor-version":[{"id":450,"href":"https:\/\/www.kindergruppeamerlinghaus.at\/web\/wp-json\/wp\/v2\/posts\/442\/revisions\/450"}],"wp:featuredmedia":[{"embeddable":true,"href":"https:\/\/www.kindergruppeamerlinghaus.at\/web\/wp-json\/wp\/v2\/media\/443"}],"wp:attachment":[{"href":"https:\/\/www.kindergruppeamerlinghaus.at\/web\/wp-json\/wp\/v2\/media?parent=442"}],"wp:term":[{"taxonomy":"category","embeddable":true,"href":"https:\/\/www.kindergruppeamerlinghaus.at\/web\/wp-json\/wp\/v2\/categories?post=442"},{"taxonomy":"post_tag","embeddable":true,"href":"https:\/\/www.kindergruppeamerlinghaus.at\/web\/wp-json\/wp\/v2\/tags?post=442"}],"curies":[{"name":"wp","href":"https:\/\/api.w.org\/{rel}","templated":true}]}}