{"id":420,"date":"2016-04-04T18:02:31","date_gmt":"2016-04-04T16:02:31","guid":{"rendered":"http:\/\/www.kindergruppeamerlinghaus.at\/web\/?p=420"},"modified":"2016-04-04T22:43:15","modified_gmt":"2016-04-04T20:43:15","slug":"bye-bye-ines","status":"publish","type":"post","link":"https:\/\/www.kindergruppeamerlinghaus.at\/web\/bye-bye-ines\/","title":{"rendered":"Bye, bye Ines"},"content":{"rendered":"<blockquote><p>Ende M\u00e4rz war es soweit. Unsere langj\u00e4hrige Betreuerin Ines Pontes hat uns Richtung Portugal verlassen.<\/p><\/blockquote>\n<p>Ines ist geb\u00fcrtige Portugiesin und hat urspr\u00fcnglich im\u00a0Rahmen des europ\u00e4ischen Freiwilligenjahres den Weg in die Kindergruppe gefunden. Dass es ihr so gut gefallen hat, dass sie sich entschlossen hatte, hier f\u00fcr mehrere Jahre ihren beruflichen Mittelpunkt festzulegen, hat uns nat\u00fcrlich sehr gefreut. Jetzt war das Heimweh doch st\u00e4rker und Ines wird in Lissabon eine Kindergruppe er\u00f6ffnen.<\/p>\n<p>Wir w\u00fcnschen alles Gute.<\/p>\n<div style=\"width: 530px;\" class=\"wp-video\"><!--[if lt IE 9]><script>document.createElement('video');<\/script><![endif]-->\n<video class=\"wp-video-shortcode\" id=\"video-420-1\" width=\"530\" height=\"298\" preload=\"metadata\" controls=\"controls\"><source type=\"video\/mp4\" src=\"http:\/\/www.kindergruppeamerlinghaus.at\/web\/wp-content\/uploads\/2016\/04\/ByeByeInes.m4v?_=1\" \/><a href=\"http:\/\/www.kindergruppeamerlinghaus.at\/web\/wp-content\/uploads\/2016\/04\/ByeByeInes.m4v\">http:\/\/www.kindergruppeamerlinghaus.at\/web\/wp-content\/uploads\/2016\/04\/ByeByeInes.m4v<\/a><\/video><\/div>\n","protected":false},"excerpt":{"rendered":"<p>Ende M\u00e4rz war es soweit. Unsere langj\u00e4hrige Betreuerin Ines Pontes hat uns Richtung Portugal verlassen. Ines ist geb\u00fcrtige&#8230;<\/p>\n","protected":false},"author":1,"featured_media":421,"comment_status":"closed","ping_status":"closed","sticky":false,"template":"","format":"standard","meta":{"footnotes":""},"categories":[1],"tags":[],"class_list":["post-420","post","type-post","status-publish","format-standard","has-post-thumbnail","hentry","category-allgemein"],"_links":{"self":[{"href":"https:\/\/www.kindergruppeamerlinghaus.at\/web\/wp-json\/wp\/v2\/posts\/420","targetHints":{"allow":["GET"]}}],"collection":[{"href":"https:\/\/www.kindergruppeamerlinghaus.at\/web\/wp-json\/wp\/v2\/posts"}],"about":[{"href":"https:\/\/www.kindergruppeamerlinghaus.at\/web\/wp-json\/wp\/v2\/types\/post"}],"author":[{"embeddable":true,"href":"https:\/\/www.kindergruppeamerlinghaus.at\/web\/wp-json\/wp\/v2\/users\/1"}],"replies":[{"embeddable":true,"href":"https:\/\/www.kindergruppeamerlinghaus.at\/web\/wp-json\/wp\/v2\/comments?post=420"}],"version-history":[{"count":8,"href":"https:\/\/www.kindergruppeamerlinghaus.at\/web\/wp-json\/wp\/v2\/posts\/420\/revisions"}],"predecessor-version":[{"id":431,"href":"https:\/\/www.kindergruppeamerlinghaus.at\/web\/wp-json\/wp\/v2\/posts\/420\/revisions\/431"}],"wp:featuredmedia":[{"embeddable":true,"href":"https:\/\/www.kindergruppeamerlinghaus.at\/web\/wp-json\/wp\/v2\/media\/421"}],"wp:attachment":[{"href":"https:\/\/www.kindergruppeamerlinghaus.at\/web\/wp-json\/wp\/v2\/media?parent=420"}],"wp:term":[{"taxonomy":"category","embeddable":true,"href":"https:\/\/www.kindergruppeamerlinghaus.at\/web\/wp-json\/wp\/v2\/categories?post=420"},{"taxonomy":"post_tag","embeddable":true,"href":"https:\/\/www.kindergruppeamerlinghaus.at\/web\/wp-json\/wp\/v2\/tags?post=420"}],"curies":[{"name":"wp","href":"https:\/\/api.w.org\/{rel}","templated":true}]}}