{"id":314,"date":"2015-09-17T09:25:57","date_gmt":"2015-09-17T07:25:57","guid":{"rendered":"http:\/\/www.kindergruppeamerlinghaus.at\/web\/?p=314"},"modified":"2016-02-18T08:16:08","modified_gmt":"2016-02-18T07:16:08","slug":"saisonstart","status":"publish","type":"post","link":"https:\/\/www.kindergruppeamerlinghaus.at\/web\/saisonstart\/","title":{"rendered":"Saisonstart"},"content":{"rendered":"<blockquote>\n<p style=\"text-align: left;\">Teambuilding auf die leichte Tour. Ein gemeinsames Wochenende aller Kinder, Betreuerinnen und Eltern bringt die Alten wieder zusammen und macht f\u00fcr die Neuen den Start in der Gruppe leichter. Dieses Mal ging es nach Sparbach. Kurze Wege und dennoch sch\u00f6n gr\u00fcn.<\/p>\n<\/blockquote>\n<figure id=\"attachment_317\" aria-describedby=\"caption-attachment-317\" style=\"width: 519px\" class=\"wp-caption alignleft\"><img loading=\"lazy\" decoding=\"async\" class=\"wp-image-317\" src=\"http:\/\/www.kindergruppeamerlinghaus.at\/web\/wp-content\/uploads\/2016\/02\/KWE_messer-300x169.jpg\" alt=\"KWE_messer\" width=\"519\" height=\"292\" srcset=\"https:\/\/www.kindergruppeamerlinghaus.at\/web\/wp-content\/uploads\/2016\/02\/KWE_messer-300x169.jpg 300w, https:\/\/www.kindergruppeamerlinghaus.at\/web\/wp-content\/uploads\/2016\/02\/KWE_messer-768x433.jpg 768w, https:\/\/www.kindergruppeamerlinghaus.at\/web\/wp-content\/uploads\/2016\/02\/KWE_messer-1024x577.jpg 1024w, https:\/\/www.kindergruppeamerlinghaus.at\/web\/wp-content\/uploads\/2016\/02\/KWE_messer.jpg 2000w\" sizes=\"auto, (max-width: 519px) 100vw, 519px\" \/><figcaption id=\"caption-attachment-317\" class=\"wp-caption-text\">Bei so einem Wochenende darf man Messer haben &#8230;<\/figcaption><\/figure>\n<figure id=\"attachment_319\" aria-describedby=\"caption-attachment-319\" style=\"width: 513px\" class=\"wp-caption alignnone\"><img loading=\"lazy\" decoding=\"async\" class=\"wp-image-319\" src=\"http:\/\/www.kindergruppeamerlinghaus.at\/web\/wp-content\/uploads\/2016\/02\/KWE_marshmellow-300x169.jpg\" alt=\"KWE_marshmellow\" width=\"513\" height=\"289\" srcset=\"https:\/\/www.kindergruppeamerlinghaus.at\/web\/wp-content\/uploads\/2016\/02\/KWE_marshmellow-300x169.jpg 300w, https:\/\/www.kindergruppeamerlinghaus.at\/web\/wp-content\/uploads\/2016\/02\/KWE_marshmellow-768x433.jpg 768w, https:\/\/www.kindergruppeamerlinghaus.at\/web\/wp-content\/uploads\/2016\/02\/KWE_marshmellow-1024x577.jpg 1024w, https:\/\/www.kindergruppeamerlinghaus.at\/web\/wp-content\/uploads\/2016\/02\/KWE_marshmellow.jpg 2000w\" sizes=\"auto, (max-width: 513px) 100vw, 513px\" \/><figcaption id=\"caption-attachment-319\" class=\"wp-caption-text\">&#8230; lauter ungesunde Sachen essen.<\/figcaption><\/figure>\n<figure id=\"attachment_320\" aria-describedby=\"caption-attachment-320\" style=\"width: 491px\" class=\"wp-caption alignnone\"><img loading=\"lazy\" decoding=\"async\" class=\"wp-image-320\" src=\"http:\/\/www.kindergruppeamerlinghaus.at\/web\/wp-content\/uploads\/2016\/02\/KWE_wurstel-300x169.jpg\" alt=\"KWE_wurstel\" width=\"491\" height=\"277\" srcset=\"https:\/\/www.kindergruppeamerlinghaus.at\/web\/wp-content\/uploads\/2016\/02\/KWE_wurstel-300x169.jpg 300w, https:\/\/www.kindergruppeamerlinghaus.at\/web\/wp-content\/uploads\/2016\/02\/KWE_wurstel-768x433.jpg 768w, https:\/\/www.kindergruppeamerlinghaus.at\/web\/wp-content\/uploads\/2016\/02\/KWE_wurstel-1024x577.jpg 1024w, https:\/\/www.kindergruppeamerlinghaus.at\/web\/wp-content\/uploads\/2016\/02\/KWE_wurstel.jpg 2000w\" sizes=\"auto, (max-width: 491px) 100vw, 491px\" \/><figcaption id=\"caption-attachment-320\" class=\"wp-caption-text\">&#8230; sogar Fleisch! In einer vegetarischen Kindergruppe!!<\/figcaption><\/figure>\n<figure id=\"attachment_320\" aria-describedby=\"caption-attachment-320\" style=\"width: 531px\" class=\"wp-caption alignnone\"><img loading=\"lazy\" decoding=\"async\" class=\"alignnone wp-image-355\" src=\"http:\/\/www.kindergruppeamerlinghaus.at\/web\/wp-content\/uploads\/2015\/09\/KWE_laufen-300x169.jpg\" alt=\"KWE_laufen\" width=\"531\" height=\"299\" srcset=\"https:\/\/www.kindergruppeamerlinghaus.at\/web\/wp-content\/uploads\/2015\/09\/KWE_laufen-300x169.jpg 300w, https:\/\/www.kindergruppeamerlinghaus.at\/web\/wp-content\/uploads\/2015\/09\/KWE_laufen-768x433.jpg 768w, https:\/\/www.kindergruppeamerlinghaus.at\/web\/wp-content\/uploads\/2015\/09\/KWE_laufen-1024x577.jpg 1024w, https:\/\/www.kindergruppeamerlinghaus.at\/web\/wp-content\/uploads\/2015\/09\/KWE_laufen.jpg 2000w\" sizes=\"auto, (max-width: 531px) 100vw, 531px\" \/><figcaption id=\"caption-attachment-320\" class=\"wp-caption-text\">Freundschaften werden vertieft<\/figcaption><\/figure>\n<figure id=\"attachment_320\" aria-describedby=\"caption-attachment-320\" style=\"width: 491px\" class=\"wp-caption alignnone\"><img loading=\"lazy\" decoding=\"async\" class=\"alignnone wp-image-357\" src=\"http:\/\/www.kindergruppeamerlinghaus.at\/web\/wp-content\/uploads\/2015\/09\/KWEklausfliegt-300x169.jpg\" alt=\"KWEklausfliegt\" width=\"491\" height=\"277\" srcset=\"https:\/\/www.kindergruppeamerlinghaus.at\/web\/wp-content\/uploads\/2015\/09\/KWEklausfliegt-300x169.jpg 300w, https:\/\/www.kindergruppeamerlinghaus.at\/web\/wp-content\/uploads\/2015\/09\/KWEklausfliegt-768x433.jpg 768w, https:\/\/www.kindergruppeamerlinghaus.at\/web\/wp-content\/uploads\/2015\/09\/KWEklausfliegt-1024x577.jpg 1024w, https:\/\/www.kindergruppeamerlinghaus.at\/web\/wp-content\/uploads\/2015\/09\/KWEklausfliegt.jpg 2000w\" sizes=\"auto, (max-width: 491px) 100vw, 491px\" \/><figcaption id=\"caption-attachment-320\" class=\"wp-caption-text\">Selbst ehemalige KIGRU-Kinder kommen (als Geschwister) noch gerne mit<\/figcaption><\/figure>\n<figure id=\"attachment_320\" aria-describedby=\"caption-attachment-320\" style=\"width: 523px\" class=\"wp-caption alignnone\"><img loading=\"lazy\" decoding=\"async\" class=\"alignnone wp-image-360\" src=\"http:\/\/www.kindergruppeamerlinghaus.at\/web\/wp-content\/uploads\/2015\/09\/KWE_suppe-300x169.jpg\" alt=\"KWE_suppe\" width=\"523\" height=\"295\" srcset=\"https:\/\/www.kindergruppeamerlinghaus.at\/web\/wp-content\/uploads\/2015\/09\/KWE_suppe-300x169.jpg 300w, https:\/\/www.kindergruppeamerlinghaus.at\/web\/wp-content\/uploads\/2015\/09\/KWE_suppe-768x433.jpg 768w, https:\/\/www.kindergruppeamerlinghaus.at\/web\/wp-content\/uploads\/2015\/09\/KWE_suppe-1024x577.jpg 1024w, https:\/\/www.kindergruppeamerlinghaus.at\/web\/wp-content\/uploads\/2015\/09\/KWE_suppe.jpg 2000w\" sizes=\"auto, (max-width: 523px) 100vw, 523px\" \/><figcaption id=\"caption-attachment-320\" class=\"wp-caption-text\">Mit Profi-Caterern im Elternteam geht es nat\u00fcrlich leichter<\/figcaption><\/figure>\n","protected":false},"excerpt":{"rendered":"<p>Teambuilding auf die leichte Tour. Ein gemeinsames Wochenende aller Kinder, Betreuerinnen und Eltern bringt die Alten wieder zusammen&#8230;<\/p>\n","protected":false},"author":1,"featured_media":315,"comment_status":"closed","ping_status":"closed","sticky":false,"template":"","format":"standard","meta":{"footnotes":""},"categories":[1],"tags":[],"class_list":["post-314","post","type-post","status-publish","format-standard","has-post-thumbnail","hentry","category-allgemein"],"_links":{"self":[{"href":"https:\/\/www.kindergruppeamerlinghaus.at\/web\/wp-json\/wp\/v2\/posts\/314","targetHints":{"allow":["GET"]}}],"collection":[{"href":"https:\/\/www.kindergruppeamerlinghaus.at\/web\/wp-json\/wp\/v2\/posts"}],"about":[{"href":"https:\/\/www.kindergruppeamerlinghaus.at\/web\/wp-json\/wp\/v2\/types\/post"}],"author":[{"embeddable":true,"href":"https:\/\/www.kindergruppeamerlinghaus.at\/web\/wp-json\/wp\/v2\/users\/1"}],"replies":[{"embeddable":true,"href":"https:\/\/www.kindergruppeamerlinghaus.at\/web\/wp-json\/wp\/v2\/comments?post=314"}],"version-history":[{"count":22,"href":"https:\/\/www.kindergruppeamerlinghaus.at\/web\/wp-json\/wp\/v2\/posts\/314\/revisions"}],"predecessor-version":[{"id":368,"href":"https:\/\/www.kindergruppeamerlinghaus.at\/web\/wp-json\/wp\/v2\/posts\/314\/revisions\/368"}],"wp:featuredmedia":[{"embeddable":true,"href":"https:\/\/www.kindergruppeamerlinghaus.at\/web\/wp-json\/wp\/v2\/media\/315"}],"wp:attachment":[{"href":"https:\/\/www.kindergruppeamerlinghaus.at\/web\/wp-json\/wp\/v2\/media?parent=314"}],"wp:term":[{"taxonomy":"category","embeddable":true,"href":"https:\/\/www.kindergruppeamerlinghaus.at\/web\/wp-json\/wp\/v2\/categories?post=314"},{"taxonomy":"post_tag","embeddable":true,"href":"https:\/\/www.kindergruppeamerlinghaus.at\/web\/wp-json\/wp\/v2\/tags?post=314"}],"curies":[{"name":"wp","href":"https:\/\/api.w.org\/{rel}","templated":true}]}}