{"id":1410,"date":"2025-11-30T14:41:54","date_gmt":"2025-11-30T13:41:54","guid":{"rendered":"https:\/\/www.kindergruppeamerlinghaus.at\/web\/?p=1410"},"modified":"2025-11-30T14:45:11","modified_gmt":"2025-11-30T13:45:11","slug":"stellungnahme-zu-den-aktuellen-geschehnissen","status":"publish","type":"post","link":"https:\/\/www.kindergruppeamerlinghaus.at\/web\/stellungnahme-zu-den-aktuellen-geschehnissen\/","title":{"rendered":"Stellungnahme zu den aktuellen Geschehnissen:"},"content":{"rendered":"\n<p><strong>Kulturzentrum und Kindergruppe Amerlinghaus von Schlie\u00dfung bedroht!<\/strong><\/p>\n\n\n\n<figure class=\"wp-block-image size-large\"><img loading=\"lazy\" decoding=\"async\" width=\"1024\" height=\"817\" src=\"http:\/\/www.kindergruppeamerlinghaus.at\/web\/wp-content\/uploads\/2025\/11\/stellungnahme-smiley-1024x817.jpg\" alt=\"\" class=\"wp-image-1411\" srcset=\"https:\/\/www.kindergruppeamerlinghaus.at\/web\/wp-content\/uploads\/2025\/11\/stellungnahme-smiley-1024x817.jpg 1024w, https:\/\/www.kindergruppeamerlinghaus.at\/web\/wp-content\/uploads\/2025\/11\/stellungnahme-smiley-300x239.jpg 300w, https:\/\/www.kindergruppeamerlinghaus.at\/web\/wp-content\/uploads\/2025\/11\/stellungnahme-smiley-768x613.jpg 768w, https:\/\/www.kindergruppeamerlinghaus.at\/web\/wp-content\/uploads\/2025\/11\/stellungnahme-smiley.jpg 1057w\" sizes=\"auto, (max-width: 1024px) 100vw, 1024px\" \/><\/figure>\n\n\n\n<p>Die Stadt Wien hat angek\u00fcndigt, die <strong>Subventionen des seit 50 Jahren bestehenden Kulturzentrum Amerlinghaus<\/strong> <strong>im Jahr 2026 um 66 % zu k\u00fcrzen<\/strong>. Eine Reduktion in dieser H\u00f6he w\u00fcrde faktisch zur Schlie\u00dfung des Hauses f\u00fchren, da der laufende Betrieb nicht mehr aufrechterhalten werden kann.<\/p>\n\n\n\n<p><strong>Bedeutung des Hauses<\/strong><\/p>\n\n\n\n<p>Das Amerlinghaus ist eines der letzten selbstverwalteten, nicht-kommerziellen Kulturzentren Wiens. Es bietet seit Jahrzehnten Raum f\u00fcr Kulturarbeit, politische Initiativen, soziale Projekte, migrantische Gruppen und niedrigschwellige Community-Arbeit. Gerade im stark gentrifizierten Spittelberg ist es ein unverzichtbarer Ort f\u00fcr Begegnung, Austausch und gesellschaftliche Teilhabe.<\/p>\n\n\n\n<p><strong>Mitbetroffen: Unsere Kindergruppe im Haus<\/strong><\/p>\n\n\n\n<p>Von der drohenden Schlie\u00dfung w\u00e4re auch unsere <strong>Kindergruppe im Amerlinghaus<\/strong> betroffen.<\/p>\n\n\n\n<p>Unsere Gruppe ist <strong>vollst\u00e4ndig auf die R\u00e4umlichkeiten des Hauses angewiesen<\/strong>. Ein Verlust der R\u00e4ume w\u00fcrde das Fortbestehen der Kindergruppe unmittelbar gef\u00e4hrden, da vergleichbare Alternativen im Gr\u00e4tzl kaum vorhanden sind und der gesamte Rahmen, den die Gruppe aufgebaut hat, an diese spezifische Infrastruktur gebunden ist.<\/p>\n\n\n\n<p>Es geht hier im Falle unserer Kindergruppe also nicht um finanzielle Fragezeichen bei den Familien, sondern um die <strong>Existenz des Ortes<\/strong>, an dem die Kindergruppe arbeitet. Der m\u00f6gliche Wegfall des Amerlinghauses w\u00fcrde auch diesen wichtigen Betreuungs- und Begegnungsraum zum Verschwinden bringen und den Verlust dieses sicheren Ortes f\u00fcr die Kinder und ihre Familien bedeuten.<\/p>\n\n\n\n<p><strong>Finanzierung der Kindergruppe Amerlinghaus<\/strong><\/p>\n\n\n\n<p>Um Missverst\u00e4ndnisse bez\u00fcglich Finanzierung und Erhalt von F\u00f6rderungen vorzubeugen, hier eine kurze Aufstellung:<\/p>\n\n\n\n<p>Der <strong>Elternbeitrag<\/strong> betr\u00e4gt <strong>210\u20ac\/Monat\/Kind, <\/strong>dieser wird ab J\u00e4nner 2026 aufgrund von Mehrkosten (j\u00e4hrlicher Anstieg der Geh\u00e4lter laut Kollektivvertrag wird nicht von der F\u00f6rdererh\u00f6hung der Stadt Wien gedeckt) auf 238\u20ac angehoben. (Somit liegen wir noch knapp unter dem gesetzlich vorgeschriebenen Maximalbeitrag von 244,66\u20ac.)<\/p>\n\n\n\n<p>Zus\u00e4tzlich erhalten wir von der Stadt Wien <strong>Kindergartenf\u00f6rderungen<\/strong> (so wie jede Kinderbetreuungseinrichtung in Wien).<\/p>\n\n\n\n<p><a href=\"https:\/\/www.wien.gv.at\/bildung\/gratis-kindergarten-foerderhoehe\">https:\/\/www.wien.gv.at\/bildung\/gratis-kindergarten-foerderhoehe<\/a><\/p>\n\n\n\n<p>Wir beziehen <strong>KEINE KULTURF\u00d6RDERUNGEN<\/strong> und finanzieren unsere Arbeit vollst\u00e4ndig eigenst\u00e4ndig. Dennoch sind wir zu 100 % von den R\u00e4umlichkeiten abh\u00e4ngig. Die Kindergruppe ist darauf angewiesen, dass das Kulturzentrum weiterhin die entsprechenden F\u00f6rdermittel erh\u00e4lt, da dieses den Mietvertrag f\u00fcr die R\u00e4ume h\u00e4lt, in denen auch unsere Kindergruppe untergebracht ist.<\/p>\n\n\n\n<p>Die Kindergruppe ist ein <strong>elternverwalteter Verein<\/strong>, das hei\u00dft Aufgaben wie Finanzen, Organisation, Kochen, Reinigung, etc. werden von den Eltern \u00fcbernommen, anders w\u00e4re die Kinderbetreuung auch nicht finanzierbar.<\/p>\n\n\n\n<p>Wir besch\u00e4ftigen 3 P\u00e4dagoginnen, diese arbeiten in Teilzeit (1-2 P\u00e4dagoginnen f\u00fcr 13 Kinder\/Tag).<\/p>\n\n\n\n<p><strong>Unser Anliegen<\/strong><\/p>\n\n\n\n<p>Wir appellieren an den Gemeinderat, an alle zust\u00e4ndigen Mitglieder der Stadtregierung, trotz finanziellen Drucks, weiterhin diesen Ort der nichtkommerziellen Begegnung, des politischen, sozialen, k\u00fcnstlerischen, interkulturellen, intergenerativen Austausches zu bewahren.<\/p>\n\n\n\n<p>Ein St\u00fcck Stadtgeschichte mit gro\u00dfer gegenw\u00e4rtiger Relevanz w\u00fcrde unwiederbringlich verloren gehen.<\/p>\n\n\n\n<p>Unsere Kindergruppe m\u00fcsste nach 47 Jahren ihre T\u00fcren f\u00fcr immer schlie\u00dfen.<\/p>\n\n\n\n<p><strong>Mediale Berichterstattung<\/strong><\/p>\n\n\n\n<p><a href=\"https:\/\/www.derstandard.at\/story\/3000000298399\/linkem-zentrum-amerlinghaus-droht-bis-maerz-das-ende-\">https:\/\/www.derstandard.at\/story\/3000000298399\/linkem-zentrum-amerlinghaus-droht-bis-maerz-das-ende-<\/a><\/p>\n\n\n\n<p><a href=\"https:\/\/wien.orf.at\/stories\/3332021\">https:\/\/wien.orf.at\/stories\/3332021<\/a><\/p>\n","protected":false},"excerpt":{"rendered":"<p>Kulturzentrum und Kindergruppe Amerlinghaus von Schlie\u00dfung bedroht! Die Stadt Wien hat angek\u00fcndigt, die Subventionen des seit 50 Jahren&#8230;<\/p>\n","protected":false},"author":6,"featured_media":1260,"comment_status":"closed","ping_status":"open","sticky":false,"template":"","format":"standard","meta":{"footnotes":""},"categories":[1],"tags":[],"class_list":["post-1410","post","type-post","status-publish","format-standard","has-post-thumbnail","hentry","category-allgemein"],"_links":{"self":[{"href":"https:\/\/www.kindergruppeamerlinghaus.at\/web\/wp-json\/wp\/v2\/posts\/1410","targetHints":{"allow":["GET"]}}],"collection":[{"href":"https:\/\/www.kindergruppeamerlinghaus.at\/web\/wp-json\/wp\/v2\/posts"}],"about":[{"href":"https:\/\/www.kindergruppeamerlinghaus.at\/web\/wp-json\/wp\/v2\/types\/post"}],"author":[{"embeddable":true,"href":"https:\/\/www.kindergruppeamerlinghaus.at\/web\/wp-json\/wp\/v2\/users\/6"}],"replies":[{"embeddable":true,"href":"https:\/\/www.kindergruppeamerlinghaus.at\/web\/wp-json\/wp\/v2\/comments?post=1410"}],"version-history":[{"count":2,"href":"https:\/\/www.kindergruppeamerlinghaus.at\/web\/wp-json\/wp\/v2\/posts\/1410\/revisions"}],"predecessor-version":[{"id":1413,"href":"https:\/\/www.kindergruppeamerlinghaus.at\/web\/wp-json\/wp\/v2\/posts\/1410\/revisions\/1413"}],"wp:featuredmedia":[{"embeddable":true,"href":"https:\/\/www.kindergruppeamerlinghaus.at\/web\/wp-json\/wp\/v2\/media\/1260"}],"wp:attachment":[{"href":"https:\/\/www.kindergruppeamerlinghaus.at\/web\/wp-json\/wp\/v2\/media?parent=1410"}],"wp:term":[{"taxonomy":"category","embeddable":true,"href":"https:\/\/www.kindergruppeamerlinghaus.at\/web\/wp-json\/wp\/v2\/categories?post=1410"},{"taxonomy":"post_tag","embeddable":true,"href":"https:\/\/www.kindergruppeamerlinghaus.at\/web\/wp-json\/wp\/v2\/tags?post=1410"}],"curies":[{"name":"wp","href":"https:\/\/api.w.org\/{rel}","templated":true}]}}