{"id":1362,"date":"2025-06-15T21:15:00","date_gmt":"2025-06-15T19:15:00","guid":{"rendered":"http:\/\/www.kindergruppeamerlinghaus.at\/web\/?p=1362"},"modified":"2025-10-08T21:25:50","modified_gmt":"2025-10-08T19:25:50","slug":"tatueue-tataaaa-tatueueueueue-tataaaa","status":"publish","type":"post","link":"https:\/\/www.kindergruppeamerlinghaus.at\/web\/tatueue-tataaaa-tatueueueueue-tataaaa\/","title":{"rendered":"Tat\u00fc\u00fc Tataaaa, Tat\u00fc\u00fc\u00fc\u00fc\u00fc Tataaaa"},"content":{"rendered":"\n<p>Heute durften die Kinder einen spannenden Ausflug zur Polizeistation Tannengasse 1150 (vielen dank liebe Doris!) machen! Mit neugierigen Augen bestaunten sie Einsatzwagen, probierten Handschellen aus und lernten, wie Fingerabdr\u00fccke genommen werden. Ein aufregender Tag voller Entdeckungen und Staunen \u2013 unsere kleinen Nachwuchsdetektive waren begeistert!<\/p>\n\n\n\n<figure class=\"wp-block-image size-large\"><img loading=\"lazy\" decoding=\"async\" width=\"1024\" height=\"768\" src=\"http:\/\/www.kindergruppeamerlinghaus.at\/web\/wp-content\/uploads\/2025\/10\/polizei-5-1024x768.jpg\" alt=\"\" class=\"wp-image-1357\" srcset=\"https:\/\/www.kindergruppeamerlinghaus.at\/web\/wp-content\/uploads\/2025\/10\/polizei-5-1024x768.jpg 1024w, https:\/\/www.kindergruppeamerlinghaus.at\/web\/wp-content\/uploads\/2025\/10\/polizei-5-300x225.jpg 300w, https:\/\/www.kindergruppeamerlinghaus.at\/web\/wp-content\/uploads\/2025\/10\/polizei-5-768x576.jpg 768w, https:\/\/www.kindergruppeamerlinghaus.at\/web\/wp-content\/uploads\/2025\/10\/polizei-5-1536x1152.jpg 1536w, https:\/\/www.kindergruppeamerlinghaus.at\/web\/wp-content\/uploads\/2025\/10\/polizei-5.jpg 1600w\" sizes=\"auto, (max-width: 1024px) 100vw, 1024px\" \/><\/figure>\n\n\n\n<figure class=\"wp-block-image size-large\"><img loading=\"lazy\" decoding=\"async\" width=\"1024\" height=\"577\" src=\"http:\/\/www.kindergruppeamerlinghaus.at\/web\/wp-content\/uploads\/2025\/10\/polizei-4-1024x577.jpg\" alt=\"\" class=\"wp-image-1356\" srcset=\"https:\/\/www.kindergruppeamerlinghaus.at\/web\/wp-content\/uploads\/2025\/10\/polizei-4-1024x577.jpg 1024w, https:\/\/www.kindergruppeamerlinghaus.at\/web\/wp-content\/uploads\/2025\/10\/polizei-4-300x169.jpg 300w, https:\/\/www.kindergruppeamerlinghaus.at\/web\/wp-content\/uploads\/2025\/10\/polizei-4-768x433.jpg 768w, https:\/\/www.kindergruppeamerlinghaus.at\/web\/wp-content\/uploads\/2025\/10\/polizei-4-1536x866.jpg 1536w, https:\/\/www.kindergruppeamerlinghaus.at\/web\/wp-content\/uploads\/2025\/10\/polizei-4.jpg 1600w\" sizes=\"auto, (max-width: 1024px) 100vw, 1024px\" \/><\/figure>\n\n\n\n<figure class=\"wp-block-image size-large\"><img loading=\"lazy\" decoding=\"async\" width=\"768\" height=\"1024\" src=\"http:\/\/www.kindergruppeamerlinghaus.at\/web\/wp-content\/uploads\/2025\/10\/polizei-6-768x1024.jpg\" alt=\"\" class=\"wp-image-1358\" srcset=\"https:\/\/www.kindergruppeamerlinghaus.at\/web\/wp-content\/uploads\/2025\/10\/polizei-6-768x1024.jpg 768w, https:\/\/www.kindergruppeamerlinghaus.at\/web\/wp-content\/uploads\/2025\/10\/polizei-6-225x300.jpg 225w, https:\/\/www.kindergruppeamerlinghaus.at\/web\/wp-content\/uploads\/2025\/10\/polizei-6-1152x1536.jpg 1152w, https:\/\/www.kindergruppeamerlinghaus.at\/web\/wp-content\/uploads\/2025\/10\/polizei-6.jpg 1200w\" sizes=\"auto, (max-width: 768px) 100vw, 768px\" \/><\/figure>\n\n\n\n<figure class=\"wp-block-image size-large\"><img loading=\"lazy\" decoding=\"async\" width=\"1024\" height=\"768\" src=\"http:\/\/www.kindergruppeamerlinghaus.at\/web\/wp-content\/uploads\/2025\/10\/polizei-2-1024x768.jpg\" alt=\"\" class=\"wp-image-1354\" srcset=\"https:\/\/www.kindergruppeamerlinghaus.at\/web\/wp-content\/uploads\/2025\/10\/polizei-2-1024x768.jpg 1024w, https:\/\/www.kindergruppeamerlinghaus.at\/web\/wp-content\/uploads\/2025\/10\/polizei-2-300x225.jpg 300w, https:\/\/www.kindergruppeamerlinghaus.at\/web\/wp-content\/uploads\/2025\/10\/polizei-2-768x576.jpg 768w, https:\/\/www.kindergruppeamerlinghaus.at\/web\/wp-content\/uploads\/2025\/10\/polizei-2-1536x1152.jpg 1536w, https:\/\/www.kindergruppeamerlinghaus.at\/web\/wp-content\/uploads\/2025\/10\/polizei-2.jpg 1600w\" sizes=\"auto, (max-width: 1024px) 100vw, 1024px\" \/><\/figure>\n\n\n\n<figure class=\"wp-block-image size-large\"><img loading=\"lazy\" decoding=\"async\" width=\"1024\" height=\"768\" src=\"http:\/\/www.kindergruppeamerlinghaus.at\/web\/wp-content\/uploads\/2025\/10\/polizei-3-1024x768.jpg\" alt=\"\" class=\"wp-image-1355\" srcset=\"https:\/\/www.kindergruppeamerlinghaus.at\/web\/wp-content\/uploads\/2025\/10\/polizei-3-1024x768.jpg 1024w, https:\/\/www.kindergruppeamerlinghaus.at\/web\/wp-content\/uploads\/2025\/10\/polizei-3-300x225.jpg 300w, https:\/\/www.kindergruppeamerlinghaus.at\/web\/wp-content\/uploads\/2025\/10\/polizei-3-768x576.jpg 768w, https:\/\/www.kindergruppeamerlinghaus.at\/web\/wp-content\/uploads\/2025\/10\/polizei-3-1536x1152.jpg 1536w, https:\/\/www.kindergruppeamerlinghaus.at\/web\/wp-content\/uploads\/2025\/10\/polizei-3.jpg 1600w\" sizes=\"auto, (max-width: 1024px) 100vw, 1024px\" \/><\/figure>\n\n\n\n<p>Zum Gl\u00fcck wurden danach alle wieder nach Hause entlassen <\/p>\n","protected":false},"excerpt":{"rendered":"<p>Heute durften die Kinder einen spannenden Ausflug zur Polizeistation Tannengasse 1150 (vielen dank liebe Doris!) machen! Mit neugierigen&#8230;<\/p>\n","protected":false},"author":6,"featured_media":1356,"comment_status":"closed","ping_status":"open","sticky":false,"template":"","format":"standard","meta":{"footnotes":""},"categories":[1],"tags":[],"class_list":["post-1362","post","type-post","status-publish","format-standard","has-post-thumbnail","hentry","category-allgemein"],"_links":{"self":[{"href":"https:\/\/www.kindergruppeamerlinghaus.at\/web\/wp-json\/wp\/v2\/posts\/1362","targetHints":{"allow":["GET"]}}],"collection":[{"href":"https:\/\/www.kindergruppeamerlinghaus.at\/web\/wp-json\/wp\/v2\/posts"}],"about":[{"href":"https:\/\/www.kindergruppeamerlinghaus.at\/web\/wp-json\/wp\/v2\/types\/post"}],"author":[{"embeddable":true,"href":"https:\/\/www.kindergruppeamerlinghaus.at\/web\/wp-json\/wp\/v2\/users\/6"}],"replies":[{"embeddable":true,"href":"https:\/\/www.kindergruppeamerlinghaus.at\/web\/wp-json\/wp\/v2\/comments?post=1362"}],"version-history":[{"count":1,"href":"https:\/\/www.kindergruppeamerlinghaus.at\/web\/wp-json\/wp\/v2\/posts\/1362\/revisions"}],"predecessor-version":[{"id":1363,"href":"https:\/\/www.kindergruppeamerlinghaus.at\/web\/wp-json\/wp\/v2\/posts\/1362\/revisions\/1363"}],"wp:featuredmedia":[{"embeddable":true,"href":"https:\/\/www.kindergruppeamerlinghaus.at\/web\/wp-json\/wp\/v2\/media\/1356"}],"wp:attachment":[{"href":"https:\/\/www.kindergruppeamerlinghaus.at\/web\/wp-json\/wp\/v2\/media?parent=1362"}],"wp:term":[{"taxonomy":"category","embeddable":true,"href":"https:\/\/www.kindergruppeamerlinghaus.at\/web\/wp-json\/wp\/v2\/categories?post=1362"},{"taxonomy":"post_tag","embeddable":true,"href":"https:\/\/www.kindergruppeamerlinghaus.at\/web\/wp-json\/wp\/v2\/tags?post=1362"}],"curies":[{"name":"wp","href":"https:\/\/api.w.org\/{rel}","templated":true}]}}